{"id":15919,"date":"2023-08-01T15:23:40","date_gmt":"2023-08-01T15:23:40","guid":{"rendered":"https:\/\/www.acad-ciencias.pt\/?p=15919"},"modified":"2023-09-26T14:43:49","modified_gmt":"2023-09-26T13:43:49","slug":"como-dialogar-com-quem-nao-quer-ouvir-livro-de-acesso-aberto","status":"publish","type":"post","link":"http:\/\/www.acad-ciencias.pt\/eng\/2023\/08\/01\/como-dialogar-com-quem-nao-quer-ouvir-livro-de-acesso-aberto\/","title":{"rendered":"Como Dialogar com quem n\u00e3o quer ouvir? &#8211; e-Book de acesso livre"},"content":{"rendered":"<div data-elementor-type=\"wp-post\" data-elementor-id=\"15919\" class=\"elementor elementor-15919\">\n\t\t\t\t\t\t<section class=\"has_eae_slider elementor-section elementor-top-section elementor-element elementor-element-245a71ea elementor-section-boxed elementor-section-height-default elementor-section-height-default\" data-eae-slider=\"29117\" data-id=\"245a71ea\" data-element_type=\"section\">\n\t\t\t\t\t\t<div class=\"elementor-container elementor-column-gap-default\">\n\t\t\t\t\t<div class=\"has_eae_slider aux-parallax-section elementor-column elementor-col-100 elementor-top-column elementor-element elementor-element-78ab9874\" data-eae-slider=\"10520\" data-id=\"78ab9874\" data-element_type=\"column\">\n\t\t\t<div class=\"elementor-widget-wrap elementor-element-populated\">\n\t\t\t\t\t\t<div class=\"elementor-element elementor-element-13e17aea elementor-widget elementor-widget-text-editor\" data-id=\"13e17aea\" data-element_type=\"widget\" data-widget_type=\"text-editor.default\">\n\t\t\t\t<div class=\"elementor-widget-container\">\n\t\t\t\t\t\t\t\t\t\n<h4>Autores: Gon\u00e7alo Marcelo, Pedro Matos Pereira, Ana Sanchez e Mara de Sousa Freitas<\/h4>\n\n<p>O Semin\u00e1rio de Jovens Cientistas da Academia das Ci\u00eancias de Lisboa lan\u00e7ou o livro &#8220;Como Dialogar Com Quem N\u00e3o Quer Ouvir?&#8221;, uma compila\u00e7\u00e3o de textos que abordam tem\u00e1ticas como a polariza\u00e7\u00e3o pol\u00edtica, desinforma\u00e7\u00e3o e confian\u00e7a na ci\u00eancia.<br \/>Esta colet\u00e2nea de reflex\u00f5es interdisciplinares de fil\u00f3sofos, cientistas das ci\u00eancias naturais e sociais, jornalistas e comunicadores de ci\u00eancia, discute fen\u00f3menos como a crise da democracia, not\u00edcias falsas, teorias da conspira\u00e7\u00e3o e cren\u00e7as associadas ao negacionismo da ci\u00eancia.<br \/>S\u00e3o propostas abordagens e solu\u00e7\u00f5es para estes problemas, destacando a import\u00e2ncia da divulga\u00e7\u00e3o cient\u00edfica e do desenvolvimento de estrat\u00e9gias para mitigar a desinforma\u00e7\u00e3o.<br \/>&#8220;Como Dialogar Com Quem N\u00e3o Quer Ouvir?&#8221; \u00e9 uma obra relevante para investigadores, comunicadores de ci\u00eancia, jornalistas e interessados em combater a desinforma\u00e7\u00e3o e promover um di\u00e1logo construtivo na sociedade.<\/p>\n\n<p>Editada por Gon\u00e7alo Marcelo, Pedro Matos Pereira, Ana Sanchez e Mara de Sousa Freitas, a obra conta com contribui\u00e7\u00f5es de Michel Renaud (pref\u00e1cio), Renato Janine Ribeiro, Richard Kearney, Nelson Ferreira, Carlos Fiolhais, Ana Delicado, Vera Novais, In\u00eas Narciso, Joana Gon\u00e7alves-S\u00e1 e Cristina Mendon\u00e7a, e Maria Manuela Chaves (posf\u00e1cio).<\/p>\n<p>Consultar o livro <a href=\"https:\/\/www.acad-ciencias.pt\/books\/como-dialogar-com-quem-nao-quer-ouvir-para-la-da-polarizacao-e-da-desinformacao\/\" target=\"_blank\" rel=\"noopener\"><span style=\"color: #3366ff;\">Aqui<\/span><\/a><\/p>\n\t\t\t\t\t\t\t\t<\/div>\n\t\t\t\t<\/div>\n\t\t\t\t\t<\/div>\n\t\t<\/div>\n\t\t\t\t\t<\/div>\n\t\t<\/section>\n\t\t\t\t<\/div>","protected":false},"excerpt":{"rendered":"<p>Autores: Gon\u00e7alo Marcelo, Pedro Matos Pereira, Ana Sanchez e Mara de Sousa Freitas O Semin\u00e1rio de Jovens Cientistas da Academia das Ci\u00eancias de Lisboa lan\u00e7ou o livro &#8220;Como Dialogar Com Quem N\u00e3o Quer Ouvir?&#8221;, uma compila\u00e7\u00e3o de textos que abordam tem\u00e1ticas como a polariza\u00e7\u00e3o pol\u00edtica, desinforma\u00e7\u00e3o e confian\u00e7a na ci\u00eancia.Esta colet\u00e2nea de reflex\u00f5es interdisciplinares de [&hellip;]<\/p>","protected":false},"author":10,"featured_media":15920,"comment_status":"closed","ping_status":"closed","sticky":false,"template":"","format":"standard","meta":{"footnotes":""},"categories":[66],"tags":[],"class_list":["post-15919","post","type-post","status-publish","format-standard","has-post-thumbnail","hentry","category-noticias"],"_links":{"self":[{"href":"http:\/\/www.acad-ciencias.pt\/eng\/wp-json\/wp\/v2\/posts\/15919","targetHints":{"allow":["GET"]}}],"collection":[{"href":"http:\/\/www.acad-ciencias.pt\/eng\/wp-json\/wp\/v2\/posts"}],"about":[{"href":"http:\/\/www.acad-ciencias.pt\/eng\/wp-json\/wp\/v2\/types\/post"}],"author":[{"embeddable":true,"href":"http:\/\/www.acad-ciencias.pt\/eng\/wp-json\/wp\/v2\/users\/10"}],"replies":[{"embeddable":true,"href":"http:\/\/www.acad-ciencias.pt\/eng\/wp-json\/wp\/v2\/comments?post=15919"}],"version-history":[{"count":0,"href":"http:\/\/www.acad-ciencias.pt\/eng\/wp-json\/wp\/v2\/posts\/15919\/revisions"}],"wp:featuredmedia":[{"embeddable":true,"href":"http:\/\/www.acad-ciencias.pt\/eng\/wp-json\/wp\/v2\/media\/15920"}],"wp:attachment":[{"href":"http:\/\/www.acad-ciencias.pt\/eng\/wp-json\/wp\/v2\/media?parent=15919"}],"wp:term":[{"taxonomy":"category","embeddable":true,"href":"http:\/\/www.acad-ciencias.pt\/eng\/wp-json\/wp\/v2\/categories?post=15919"},{"taxonomy":"post_tag","embeddable":true,"href":"http:\/\/www.acad-ciencias.pt\/eng\/wp-json\/wp\/v2\/tags?post=15919"}],"curies":[{"name":"wp","href":"https:\/\/api.w.org\/{rel}","templated":true}]}}