{"id":27727,"date":"2026-04-27T14:23:39","date_gmt":"2026-04-27T13:23:39","guid":{"rendered":"https:\/\/www.acad-ciencias.pt\/?p=27727"},"modified":"2026-04-27T14:35:31","modified_gmt":"2026-04-27T13:35:31","slug":"em-memoria-de-carlos-salema-1942-2026","status":"publish","type":"post","link":"http:\/\/www.acad-ciencias.pt\/eng\/2026\/04\/27\/em-memoria-de-carlos-salema-1942-2026\/","title":{"rendered":"Em mem\u00f3ria de Carlos Salema (1942-2026)"},"content":{"rendered":"<p>A Academia das Ci\u00eancias de Lisboa manifesta o seu profundo pesar pelo falecimento do Professor Doutor Carlos Eduardo Rego da Costa Salema, antigo Presidente da Academia, distinto cientista, engenheiro, professor e gestor de ci\u00eancia.<\/p>\n\n\n\n<p>Ao longo de uma carreira exemplar, Carlos Salema deixou uma marca indel\u00e9vel no desenvolvimento da engenharia eletrot\u00e9cnica, das telecomunica\u00e7\u00f5es e do sistema cient\u00edfico e tecnol\u00f3gico nacional. Doutor em Ci\u00eancias da Engenharia pelo Queen Mary College, Universidade de Londres, Professor Catedr\u00e1tico do Instituto Superior T\u00e9cnico, e Professor Em\u00e9rito da Universidade de Lisboa , foi distinguido com o grau de Doutor Honoris Causa pela Universidade da Beira Interior e pelo Iscte \u2013 Instituto Universit\u00e1rio de Lisboa.<\/p>\n\n\n\n<p>Investigador reconhecido na \u00e1rea das radia\u00e7\u00f5es eletromagn\u00e9ticas, das micro-ondas e dos feixes hertzianos, foi tamb\u00e9m uma figura central na forma\u00e7\u00e3o de sucessivas gera\u00e7\u00f5es de estudantes, engenheiros e investigadores, que nele encontraram um mestre exigente, rigoroso e profundamente comprometido com a transmiss\u00e3o do conhecimento. Foi cofundador e antigo Presidente do Instituto de Telecomunica\u00e7\u00f5es, institui\u00e7\u00e3o a cujo desenvolvimento dedicou uma parte muito significativa da sua vida cient\u00edfica e institucional.<\/p>\n\n\n\n<p><br>O seu contributo ultrapassou largamente a atividade acad\u00e9mica. Presidiu \u00e0 JNICT, onde teve um papel relevante na orienta\u00e7\u00e3o dos Programas CIENCIA e STRIDE, presidiu \u00e0 Funda\u00e7\u00e3o para a Computa\u00e7\u00e3o Cient\u00edfica Nacional e ao Col\u00e9gio de Engenharia Eletrot\u00e9cnica da Ordem dos Engenheiros, colocando sempre o seu conhecimento, rigor e sentido de servi\u00e7o ao dispor do pa\u00eds. Presidiu tamb\u00e9m, durante largos anos, ao j\u00fari do Pr\u00e9mio Cient\u00edfico IBM, uma das iniciativas mais duradouras de est\u00edmulo \u00e0 investiga\u00e7\u00e3o cient\u00edfica em Portugal, criada em 1990 e com cerca de tr\u00eas d\u00e9cadas de hist\u00f3ria.<\/p>\n\n\n\n<p><br>Na Academia das Ci\u00eancias de Lisboa, de que foi S\u00f3cio Correspondente desde 2002 e S\u00f3cio Efetivo desde 2007, presidiu \u00e0 Classe de Ci\u00eancias e, no tri\u00e9nio 2019\u20132021, \u00e0 pr\u00f3pria Academia. F\u00ea-lo com a vis\u00e3o de uma institui\u00e7\u00e3o mais viva, mais aberta, mais vis\u00edvel e mais pr\u00f3xima da sociedade, fiel \u00e0 miss\u00e3o de promover o encontro entre saberes, a circula\u00e7\u00e3o de ideias e a valoriza\u00e7\u00e3o p\u00fablica do conhecimento.<br>Agraciado com a Medalha de M\u00e9rito Cient\u00edfico e, pelo Presidente da Rep\u00fablica, com a Gr\u00e3-Cruz da Ordem da Instru\u00e7\u00e3o P\u00fablica, Carlos Salema ficar\u00e1 na mem\u00f3ria da comunidade cient\u00edfica portuguesa como um construtor de institui\u00e7\u00f5es, um professor de refer\u00eancia e um homem de ci\u00eancia comprometido com o futuro.<\/p>\n\n\n\n<p><br>A Academia das Ci\u00eancias de Lisboa presta homenagem \u00e0 sua vida e \u00e0 sua obra, endere\u00e7ando \u00e0 fam\u00edlia, aos amigos, aos disc\u00edpulos e a todos os que com ele trabalharam as suas mais sentidas condol\u00eancias.<\/p>","protected":false},"excerpt":{"rendered":"<p>A Academia das Ci\u00eancias de Lisboa manifesta o seu profundo pesar pelo falecimento do Professor Doutor Carlos Eduardo Rego da Costa Salema, antigo Presidente da Academia, distinto cientista, engenheiro, professor e gestor de ci\u00eancia. Ao longo de uma carreira exemplar, Carlos Salema deixou uma marca indel\u00e9vel no desenvolvimento da engenharia eletrot\u00e9cnica, das telecomunica\u00e7\u00f5es e do [&hellip;]<\/p>","protected":false},"author":18,"featured_media":27736,"comment_status":"closed","ping_status":"closed","sticky":false,"template":"","format":"standard","meta":{"footnotes":""},"categories":[66],"tags":[163,227],"class_list":["post-27727","post","type-post","status-publish","format-standard","has-post-thumbnail","hentry","category-noticias","tag-academiadascienciasdelisboa","tag-carlosalema"],"_links":{"self":[{"href":"http:\/\/www.acad-ciencias.pt\/eng\/wp-json\/wp\/v2\/posts\/27727","targetHints":{"allow":["GET"]}}],"collection":[{"href":"http:\/\/www.acad-ciencias.pt\/eng\/wp-json\/wp\/v2\/posts"}],"about":[{"href":"http:\/\/www.acad-ciencias.pt\/eng\/wp-json\/wp\/v2\/types\/post"}],"author":[{"embeddable":true,"href":"http:\/\/www.acad-ciencias.pt\/eng\/wp-json\/wp\/v2\/users\/18"}],"replies":[{"embeddable":true,"href":"http:\/\/www.acad-ciencias.pt\/eng\/wp-json\/wp\/v2\/comments?post=27727"}],"version-history":[{"count":2,"href":"http:\/\/www.acad-ciencias.pt\/eng\/wp-json\/wp\/v2\/posts\/27727\/revisions"}],"predecessor-version":[{"id":27733,"href":"http:\/\/www.acad-ciencias.pt\/eng\/wp-json\/wp\/v2\/posts\/27727\/revisions\/27733"}],"wp:featuredmedia":[{"embeddable":true,"href":"http:\/\/www.acad-ciencias.pt\/eng\/wp-json\/wp\/v2\/media\/27736"}],"wp:attachment":[{"href":"http:\/\/www.acad-ciencias.pt\/eng\/wp-json\/wp\/v2\/media?parent=27727"}],"wp:term":[{"taxonomy":"category","embeddable":true,"href":"http:\/\/www.acad-ciencias.pt\/eng\/wp-json\/wp\/v2\/categories?post=27727"},{"taxonomy":"post_tag","embeddable":true,"href":"http:\/\/www.acad-ciencias.pt\/eng\/wp-json\/wp\/v2\/tags?post=27727"}],"curies":[{"name":"wp","href":"https:\/\/api.w.org\/{rel}","templated":true}]}}