{"id":15617,"date":"2023-07-10T09:36:06","date_gmt":"2023-07-10T09:36:06","guid":{"rendered":"https:\/\/www.acad-ciencias.pt\/?p=15617"},"modified":"2023-07-10T12:09:41","modified_gmt":"2023-07-10T12:09:41","slug":"jose-mattoso-1933-2023","status":"publish","type":"post","link":"https:\/\/www.acad-ciencias.pt\/eng\/2023\/07\/10\/jose-mattoso-1933-2023\/","title":{"rendered":"Jos\u00e9 Mattoso (1933-2023)"},"content":{"rendered":"<p>S\u00f3cio Em\u00e9rito da Classe de Letras da&nbsp;Academia das Ci\u00eancias de Lisboa, o seu nome&nbsp;ergue-se de forma cimeira no panorama da historiografia&nbsp; e da cultura portuguesas desde a d\u00e9cada de 1960. Autor de uma vasta&nbsp;obra, sobretudo dedicada \u00e0 Idade M\u00e9dia, os seus textos foram decisivos para repensar as origens de Portugal e da sociedade medieval portuguesa de uma forma global, merecendo especial destaque&nbsp;a &#8220;Identifica\u00e7\u00e3o de um Pa\u00eds&#8221; (1985). De sublinhar, ainda, e no \u00e2mbito da nossa Academia, o facto de&nbsp;ter sido respons\u00e1vel, em 1980, pelo relan\u00e7amento da cole\u00e7\u00e3o de fontes <em>Portugaliae Monumenta Historica<\/em>, com a edi\u00e7\u00e3o cr\u00edtica dos tr\u00eas nobili\u00e1rios medievais portugueses. A Academia das Ci\u00eancias de Lisboa inclina-se perante a sua mem\u00f3ria e&nbsp;apresenta \u00e0 fam\u00edlia de Jos\u00e9 Mattoso os mais sentidos p\u00easames. <\/p>","protected":false},"excerpt":{"rendered":"<p>S\u00f3cio Em\u00e9rito da Classe de Letras da&nbsp;Academia das Ci\u00eancias de Lisboa, o seu nome&nbsp;ergue-se de forma cimeira no panorama da historiografia&nbsp; e da cultura portuguesas desde a d\u00e9cada de 1960. Autor de uma vasta&nbsp;obra, sobretudo dedicada \u00e0 Idade M\u00e9dia, os seus textos foram decisivos para repensar as origens de Portugal e da sociedade medieval portuguesa [&hellip;]<\/p>","protected":false},"author":10,"featured_media":15623,"comment_status":"closed","ping_status":"closed","sticky":false,"template":"","format":"standard","meta":{"footnotes":""},"categories":[66],"tags":[],"class_list":["post-15617","post","type-post","status-publish","format-standard","has-post-thumbnail","hentry","category-noticias"],"_links":{"self":[{"href":"https:\/\/www.acad-ciencias.pt\/eng\/wp-json\/wp\/v2\/posts\/15617","targetHints":{"allow":["GET"]}}],"collection":[{"href":"https:\/\/www.acad-ciencias.pt\/eng\/wp-json\/wp\/v2\/posts"}],"about":[{"href":"https:\/\/www.acad-ciencias.pt\/eng\/wp-json\/wp\/v2\/types\/post"}],"author":[{"embeddable":true,"href":"https:\/\/www.acad-ciencias.pt\/eng\/wp-json\/wp\/v2\/users\/10"}],"replies":[{"embeddable":true,"href":"https:\/\/www.acad-ciencias.pt\/eng\/wp-json\/wp\/v2\/comments?post=15617"}],"version-history":[{"count":0,"href":"https:\/\/www.acad-ciencias.pt\/eng\/wp-json\/wp\/v2\/posts\/15617\/revisions"}],"wp:featuredmedia":[{"embeddable":true,"href":"https:\/\/www.acad-ciencias.pt\/eng\/wp-json\/wp\/v2\/media\/15623"}],"wp:attachment":[{"href":"https:\/\/www.acad-ciencias.pt\/eng\/wp-json\/wp\/v2\/media?parent=15617"}],"wp:term":[{"taxonomy":"category","embeddable":true,"href":"https:\/\/www.acad-ciencias.pt\/eng\/wp-json\/wp\/v2\/categories?post=15617"},{"taxonomy":"post_tag","embeddable":true,"href":"https:\/\/www.acad-ciencias.pt\/eng\/wp-json\/wp\/v2\/tags?post=15617"}],"curies":[{"name":"wp","href":"https:\/\/api.w.org\/{rel}","templated":true}]}}