{"id":18282,"date":"2024-03-13T16:26:22","date_gmt":"2024-03-13T16:26:22","guid":{"rendered":"https:\/\/www.acad-ciencias.pt\/?p=18282"},"modified":"2024-03-13T18:37:00","modified_gmt":"2024-03-13T18:37:00","slug":"academia-das-ciencias-de-lisboa-lamenta-o-falecimento-de-jose-rueff","status":"publish","type":"post","link":"https:\/\/www.acad-ciencias.pt\/eng\/2024\/03\/13\/academia-das-ciencias-de-lisboa-lamenta-o-falecimento-de-jose-rueff\/","title":{"rendered":"Academia das Ci\u00eancias de Lisboa lamenta o falecimento de Jos\u00e9 Rueff"},"content":{"rendered":"<p>Lisboa, 13 de mar\u00e7o de 2024 \u2013 A Academia das Ci\u00eancias de Lisboa (ACL) lamenta profundamente o falecimento do seu s\u00f3cio efetivo Jos\u00e9 Rueff, ocorrido no dia 12 de mar\u00e7o de 2024.<br>O Professor Jos\u00e9 Rueff era um eminente m\u00e9dico e investigador que dedicou a sua vida ao estudo e desenvolvimento da gen\u00e9tica molecular humana. A sua vasta obra cient\u00edfica e a sua paix\u00e3o pelo conhecimento marcaram profundamente a comunidade cient\u00edfica portuguesa e internacional.<br>Membro da ACL desde 2010, o Professor Jos\u00e9 Rueff integrou a 6\u00aa sec\u00e7\u00e3o da Classe de Ci\u00eancias da Academia &#8211; Ci\u00eancias M\u00e9dicas e da Sa\u00fade, onde contribuiu de forma exemplar para o desenvolvimento das atividades cient\u00edficas da institui\u00e7\u00e3o, chegando a ser membro integrante do Conselho Cient\u00edfico.<br>A ACL reconhece e agradece o valioso contributo do Professor Jos\u00e9 Rueff para o desenvolvimento da ci\u00eancia e da cultura em Portugal.<br>Neste momento de luto, a ACL apresenta as suas mais sentidas condol\u00eancias \u00e0 fam\u00edlia e amigos do Professor Jos\u00e9 Rueff.<\/p>","protected":false},"excerpt":{"rendered":"<p>Lisboa, 13 de mar\u00e7o de 2024 \u2013 A Academia das Ci\u00eancias de Lisboa (ACL) lamenta profundamente o falecimento do seu s\u00f3cio efetivo Jos\u00e9 Rueff, ocorrido no dia 12 de mar\u00e7o de 2024.O Professor Jos\u00e9 Rueff era um eminente m\u00e9dico e investigador que dedicou a sua vida ao estudo e desenvolvimento da gen\u00e9tica molecular humana. A [&hellip;]<\/p>","protected":false},"author":10,"featured_media":18283,"comment_status":"closed","ping_status":"closed","sticky":false,"template":"","format":"standard","meta":{"footnotes":""},"categories":[66],"tags":[],"class_list":["post-18282","post","type-post","status-publish","format-standard","has-post-thumbnail","hentry","category-noticias"],"_links":{"self":[{"href":"https:\/\/www.acad-ciencias.pt\/eng\/wp-json\/wp\/v2\/posts\/18282","targetHints":{"allow":["GET"]}}],"collection":[{"href":"https:\/\/www.acad-ciencias.pt\/eng\/wp-json\/wp\/v2\/posts"}],"about":[{"href":"https:\/\/www.acad-ciencias.pt\/eng\/wp-json\/wp\/v2\/types\/post"}],"author":[{"embeddable":true,"href":"https:\/\/www.acad-ciencias.pt\/eng\/wp-json\/wp\/v2\/users\/10"}],"replies":[{"embeddable":true,"href":"https:\/\/www.acad-ciencias.pt\/eng\/wp-json\/wp\/v2\/comments?post=18282"}],"version-history":[{"count":0,"href":"https:\/\/www.acad-ciencias.pt\/eng\/wp-json\/wp\/v2\/posts\/18282\/revisions"}],"wp:featuredmedia":[{"embeddable":true,"href":"https:\/\/www.acad-ciencias.pt\/eng\/wp-json\/wp\/v2\/media\/18283"}],"wp:attachment":[{"href":"https:\/\/www.acad-ciencias.pt\/eng\/wp-json\/wp\/v2\/media?parent=18282"}],"wp:term":[{"taxonomy":"category","embeddable":true,"href":"https:\/\/www.acad-ciencias.pt\/eng\/wp-json\/wp\/v2\/categories?post=18282"},{"taxonomy":"post_tag","embeddable":true,"href":"https:\/\/www.acad-ciencias.pt\/eng\/wp-json\/wp\/v2\/tags?post=18282"}],"curies":[{"name":"wp","href":"https:\/\/api.w.org\/{rel}","templated":true}]}}