{"id":19716,"date":"2024-09-04T13:33:59","date_gmt":"2024-09-04T12:33:59","guid":{"rendered":"https:\/\/www.acad-ciencias.pt\/?p=19716"},"modified":"2024-09-04T15:26:05","modified_gmt":"2024-09-04T14:26:05","slug":"documento-ah-setembro","status":"publish","type":"post","link":"https:\/\/www.acad-ciencias.pt\/eng\/2024\/09\/04\/documento-ah-setembro\/","title":{"rendered":"Documento (AH) | Setembro"},"content":{"rendered":"<div data-elementor-type=\"wp-post\" data-elementor-id=\"19716\" class=\"elementor elementor-19716\">\n\t\t\t\t\t\t<section class=\"has_eae_slider elementor-section elementor-top-section elementor-element elementor-element-360ccd44 elementor-section-boxed elementor-section-height-default elementor-section-height-default\" data-eae-slider=\"82164\" data-id=\"360ccd44\" data-element_type=\"section\">\n\t\t\t\t\t\t<div class=\"elementor-container elementor-column-gap-default\">\n\t\t\t\t\t<div class=\"has_eae_slider aux-parallax-section elementor-column elementor-col-100 elementor-top-column elementor-element elementor-element-5fef2fac\" data-eae-slider=\"70403\" data-id=\"5fef2fac\" data-element_type=\"column\">\n\t\t\t<div class=\"elementor-widget-wrap elementor-element-populated\">\n\t\t\t\t\t\t<div class=\"elementor-element elementor-element-9d21aac elementor-widget elementor-widget-text-editor\" data-id=\"9d21aac\" data-element_type=\"widget\" data-widget_type=\"text-editor.default\">\n\t\t\t\t<div class=\"elementor-widget-container\">\n\t\t\t\t\t\t\t\t\t\n<h4>An\u00fancio de abertura de concurso para funcion\u00e1rio da Tipografia da Academia das Ci\u00eancias de Lisboa<\/h4>\n\n<p>O m\u00eas de setembro significa, para muitos, um ciclo de renova\u00e7\u00e3o, marcado pelo come\u00e7o do ano acad\u00e9mico, de in\u00edcio de novos ciclos profissionais, e pela chegada de uma nova esta\u00e7\u00e3o. Nesse esp\u00edrito, a iniciativa &#8220;Documento do M\u00eas&#8221; destaca um an\u00fancio datado de 1909, que procede \u00e0 abertura de um concurso para a contrata\u00e7\u00e3o de um novo funcion\u00e1rio para a Tipografia da Academia das Ci\u00eancias de Lisboa.<\/p>\n\n<p>Assinado pelo administrador da Tipografia, Alberto Alexandre Girard (1860-1914), o edital do concurso define os crit\u00e9rios para a sele\u00e7\u00e3o de um \u201cservente efetivo\u201d, estabelecendo o vencimento em 180$000 reis anuais. Os \u00fanicos requisitos exigidos apontavam para a necessidade de saber ler e escrever e ter entre 26 e 40 anos. Estes deveriam ser complementados com uma certid\u00e3o de idade, atestado de comportamento exemplar e do cumprimento do servi\u00e7o obrigat\u00f3rio no ex\u00e9rcito ou na armada. Facultativamente, poderiam ainda ser apresentadas provas de uma boa condi\u00e7\u00e3o de sa\u00fade, com vista a comprovar a robustez f\u00edsica, certamente fator de exig\u00eancia para a natureza do trabalho a ser desempenhado. O candidato estaria, assim, apto a integrar a equipa da oficina tipogr\u00e1fica, servi\u00e7o respons\u00e1vel pela composi\u00e7\u00e3o e publica\u00e7\u00e3o das obras divulgadas pela ACL, que esteve em funcionamento at\u00e9 \u00e0 Implanta\u00e7\u00e3o da Rep\u00fablica, em 1910.<\/p>\n\t\t\t\t\t\t\t\t<\/div>\n\t\t\t\t<\/div>\n\t\t\t\t\t<\/div>\n\t\t<\/div>\n\t\t\t\t\t<\/div>\n\t\t<\/section>\n\t\t\t\t<\/div>","protected":false},"excerpt":{"rendered":"<p>An\u00fancio de abertura de concurso para funcion\u00e1rio da Tipografia da Academia das Ci\u00eancias de Lisboa O m\u00eas de setembro significa, para muitos, um ciclo de renova\u00e7\u00e3o, marcado pelo come\u00e7o do ano acad\u00e9mico, de in\u00edcio de novos ciclos profissionais, e pela chegada de uma nova esta\u00e7\u00e3o. Nesse esp\u00edrito, a iniciativa &#8220;Documento do M\u00eas&#8221; destaca um an\u00fancio [&hellip;]<\/p>","protected":false},"author":10,"featured_media":19722,"comment_status":"closed","ping_status":"closed","sticky":false,"template":"","format":"standard","meta":{"footnotes":""},"categories":[66],"tags":[],"class_list":["post-19716","post","type-post","status-publish","format-standard","has-post-thumbnail","hentry","category-noticias"],"_links":{"self":[{"href":"https:\/\/www.acad-ciencias.pt\/eng\/wp-json\/wp\/v2\/posts\/19716","targetHints":{"allow":["GET"]}}],"collection":[{"href":"https:\/\/www.acad-ciencias.pt\/eng\/wp-json\/wp\/v2\/posts"}],"about":[{"href":"https:\/\/www.acad-ciencias.pt\/eng\/wp-json\/wp\/v2\/types\/post"}],"author":[{"embeddable":true,"href":"https:\/\/www.acad-ciencias.pt\/eng\/wp-json\/wp\/v2\/users\/10"}],"replies":[{"embeddable":true,"href":"https:\/\/www.acad-ciencias.pt\/eng\/wp-json\/wp\/v2\/comments?post=19716"}],"version-history":[{"count":0,"href":"https:\/\/www.acad-ciencias.pt\/eng\/wp-json\/wp\/v2\/posts\/19716\/revisions"}],"wp:featuredmedia":[{"embeddable":true,"href":"https:\/\/www.acad-ciencias.pt\/eng\/wp-json\/wp\/v2\/media\/19722"}],"wp:attachment":[{"href":"https:\/\/www.acad-ciencias.pt\/eng\/wp-json\/wp\/v2\/media?parent=19716"}],"wp:term":[{"taxonomy":"category","embeddable":true,"href":"https:\/\/www.acad-ciencias.pt\/eng\/wp-json\/wp\/v2\/categories?post=19716"},{"taxonomy":"post_tag","embeddable":true,"href":"https:\/\/www.acad-ciencias.pt\/eng\/wp-json\/wp\/v2\/tags?post=19716"}],"curies":[{"name":"wp","href":"https:\/\/api.w.org\/{rel}","templated":true}]}}