{"id":19810,"date":"2024-09-30T15:07:02","date_gmt":"2024-09-30T14:07:02","guid":{"rendered":"https:\/\/www.acad-ciencias.pt\/?p=19810"},"modified":"2024-09-30T15:10:48","modified_gmt":"2024-09-30T14:10:48","slug":"destaque-do-mes-doacao-da-colecao-cientifica-de-miguel-telles-antunes","status":"publish","type":"post","link":"https:\/\/www.acad-ciencias.pt\/eng\/2024\/09\/30\/destaque-do-mes-doacao-da-colecao-cientifica-de-miguel-telles-antunes\/","title":{"rendered":"Destaque do m\u00eas | Doa\u00e7\u00e3o da Cole\u00e7\u00e3o cient\u00edfica de Miguel Telles Antunes"},"content":{"rendered":"<div data-elementor-type=\"wp-post\" data-elementor-id=\"19810\" class=\"elementor elementor-19810\">\n\t\t\t\t\t\t<section class=\"has_eae_slider elementor-section elementor-top-section elementor-element elementor-element-595b1e14 elementor-section-boxed elementor-section-height-default elementor-section-height-default\" data-eae-slider=\"20356\" data-id=\"595b1e14\" data-element_type=\"section\">\n\t\t\t\t\t\t<div class=\"elementor-container elementor-column-gap-default\">\n\t\t\t\t\t<div class=\"has_eae_slider aux-parallax-section elementor-column elementor-col-100 elementor-top-column elementor-element elementor-element-25fa1881\" data-eae-slider=\"90678\" data-id=\"25fa1881\" data-element_type=\"column\">\n\t\t\t<div class=\"elementor-widget-wrap elementor-element-populated\">\n\t\t\t\t\t\t<div class=\"elementor-element elementor-element-51266ec3 elementor-widget elementor-widget-text-editor\" data-id=\"51266ec3\" data-element_type=\"widget\" data-widget_type=\"text-editor.default\">\n\t\t\t\t<div class=\"elementor-widget-container\">\n\t\t\t\t\t\t\t\t\t\n<h5>A Academia das Ci\u00eancias de Lisboa recebe doa\u00e7\u00e3o da cole\u00e7\u00e3o cient\u00edfica do acad\u00e9mico efetivo Miguel Telles Antunes<\/h5>\n<p>No passado m\u00eas de setembro, as cole\u00e7\u00f5es do Museu da Academia das Ci\u00eancias de Lisboa foram enriquecidas com a doa\u00e7\u00e3o do acad\u00e9mico efetivo Miguel Telles Antunes. Fruto de 70 anos de dedica\u00e7\u00e3o \u00e0 paleontologia, a cole\u00e7\u00e3o cient\u00edfica, composta em n\u00fameros aproximados por cerca de 19.000 exemplares, tamb\u00e9m com pe\u00e7as de arqueologia e antropologia forense, representa uma contribui\u00e7\u00e3o inestim\u00e1vel para o acervo cient\u00edfico da institui\u00e7\u00e3o. A Academia das Ci\u00eancias de Lisboa expressa o seu agradecimento por este gesto e prop\u00f5e-se a torn\u00e1-lo numa valiosa oportunidade para a investiga\u00e7\u00e3o e a educa\u00e7\u00e3o das gera\u00e7\u00f5es futuras.<\/p>\n\t\t\t\t\t\t\t\t<\/div>\n\t\t\t\t<\/div>\n\t\t\t\t\t<\/div>\n\t\t<\/div>\n\t\t\t\t\t<\/div>\n\t\t<\/section>\n\t\t\t\t<\/div>","protected":false},"excerpt":{"rendered":"<p>A Academia das Ci\u00eancias de Lisboa recebe doa\u00e7\u00e3o da cole\u00e7\u00e3o cient\u00edfica do acad\u00e9mico efetivo Miguel Telles Antunes No passado m\u00eas de setembro, as cole\u00e7\u00f5es do Museu da Academia das Ci\u00eancias de Lisboa foram enriquecidas com a doa\u00e7\u00e3o do acad\u00e9mico efetivo Miguel Telles Antunes. Fruto de 70 anos de dedica\u00e7\u00e3o \u00e0 paleontologia, a cole\u00e7\u00e3o cient\u00edfica, composta [&hellip;]<\/p>","protected":false},"author":10,"featured_media":19811,"comment_status":"closed","ping_status":"closed","sticky":false,"template":"","format":"standard","meta":{"footnotes":""},"categories":[66],"tags":[],"class_list":["post-19810","post","type-post","status-publish","format-standard","has-post-thumbnail","hentry","category-noticias"],"_links":{"self":[{"href":"https:\/\/www.acad-ciencias.pt\/eng\/wp-json\/wp\/v2\/posts\/19810","targetHints":{"allow":["GET"]}}],"collection":[{"href":"https:\/\/www.acad-ciencias.pt\/eng\/wp-json\/wp\/v2\/posts"}],"about":[{"href":"https:\/\/www.acad-ciencias.pt\/eng\/wp-json\/wp\/v2\/types\/post"}],"author":[{"embeddable":true,"href":"https:\/\/www.acad-ciencias.pt\/eng\/wp-json\/wp\/v2\/users\/10"}],"replies":[{"embeddable":true,"href":"https:\/\/www.acad-ciencias.pt\/eng\/wp-json\/wp\/v2\/comments?post=19810"}],"version-history":[{"count":0,"href":"https:\/\/www.acad-ciencias.pt\/eng\/wp-json\/wp\/v2\/posts\/19810\/revisions"}],"wp:featuredmedia":[{"embeddable":true,"href":"https:\/\/www.acad-ciencias.pt\/eng\/wp-json\/wp\/v2\/media\/19811"}],"wp:attachment":[{"href":"https:\/\/www.acad-ciencias.pt\/eng\/wp-json\/wp\/v2\/media?parent=19810"}],"wp:term":[{"taxonomy":"category","embeddable":true,"href":"https:\/\/www.acad-ciencias.pt\/eng\/wp-json\/wp\/v2\/categories?post=19810"},{"taxonomy":"post_tag","embeddable":true,"href":"https:\/\/www.acad-ciencias.pt\/eng\/wp-json\/wp\/v2\/tags?post=19810"}],"curies":[{"name":"wp","href":"https:\/\/api.w.org\/{rel}","templated":true}]}}