{"id":21181,"date":"2025-01-06T11:29:26","date_gmt":"2025-01-06T11:29:26","guid":{"rendered":"https:\/\/www.acad-ciencias.pt\/?p=21181"},"modified":"2025-01-06T11:31:00","modified_gmt":"2025-01-06T11:31:00","slug":"destaque-da-biblioteca-memorias-cyclopenses-e-celticas-no-concelho-de-penafiel","status":"publish","type":"post","link":"https:\/\/www.acad-ciencias.pt\/eng\/2025\/01\/06\/destaque-da-biblioteca-memorias-cyclopenses-e-celticas-no-concelho-de-penafiel\/","title":{"rendered":"Destaque da Biblioteca | Memorias Cyclopenses e Celticas no Concelho de Penafiel"},"content":{"rendered":"<div data-elementor-type=\"wp-post\" data-elementor-id=\"21181\" class=\"elementor elementor-21181\">\n\t\t\t\t\t\t<section class=\"has_eae_slider elementor-section elementor-top-section elementor-element elementor-element-601d575b elementor-section-boxed elementor-section-height-default elementor-section-height-default\" data-eae-slider=\"62879\" data-id=\"601d575b\" data-element_type=\"section\">\n\t\t\t\t\t\t<div class=\"elementor-container elementor-column-gap-default\">\n\t\t\t\t\t<div class=\"has_eae_slider aux-parallax-section elementor-column elementor-col-100 elementor-top-column elementor-element elementor-element-205f7b52\" data-eae-slider=\"57574\" data-id=\"205f7b52\" data-element_type=\"column\">\n\t\t\t<div class=\"elementor-widget-wrap elementor-element-populated\">\n\t\t\t\t\t\t<div class=\"elementor-element elementor-element-5f7c1e0f elementor-widget elementor-widget-text-editor\" data-id=\"5f7c1e0f\" data-element_type=\"widget\" data-widget_type=\"text-editor.default\">\n\t\t\t\t<div class=\"elementor-widget-container\">\n\t\t\t\t\t\t\t\t\t\n<p>A Biblioteca da Academia das Ci\u00eancias de Lisboa inaugura o ano de 2025 com o destaque do manuscrito intitulado &#8220;Memorias Cyclopenses e Celticas no Concelho de Penafiel&#8221;, datado de 1876. Da autoria de Sim\u00e3o Rodrigues Ferreira, curioso e investigador, foi por si oferecido \u00e0 ACL, como consta da &#8220;Sess\u00e3o Publica da Academia Real das Sciencias de Lisboa em 15 de maio de 1877&#8221;. O manuscrito inclui um conjunto de seis estampas numeradas de d\u00f3lmenes pr\u00e9-hist\u00f3ricos observados na regi\u00e3o de Penafiel, descritos e analisados ap\u00f3s em jeito de estudo arqueol\u00f3gico. Do mesmo autor, destaca-se ainda a &#8220;Memoria Historica sobre os Enterramentos, e a ust\u00e3o nos diferentes povos, e neste reino&#8221; (azul 1416), tamb\u00e9m dispon\u00edvel para consulta em linha atrav\u00e9s do<span style=\"color: #3366ff;\"> <a style=\"color: #3366ff;\" href=\"https:\/\/biblioteca.acad-ciencias.pt\/\" data-type=\"link\" data-id=\"https:\/\/biblioteca.acad-ciencias.pt\/\">cat\u00e1logo da Biblioteca<\/a>.<\/span><\/p>\n\t\t\t\t\t\t\t\t<\/div>\n\t\t\t\t<\/div>\n\t\t\t\t\t<\/div>\n\t\t<\/div>\n\t\t\t\t\t<\/div>\n\t\t<\/section>\n\t\t\t\t<\/div>","protected":false},"excerpt":{"rendered":"<p>A Biblioteca da Academia das Ci\u00eancias de Lisboa inaugura o ano de 2025 com o destaque do manuscrito intitulado &#8220;Memorias Cyclopenses e Celticas no Concelho de Penafiel&#8221;, datado de 1876. Da autoria de Sim\u00e3o Rodrigues Ferreira, curioso e investigador, foi por si oferecido \u00e0 ACL, como consta da &#8220;Sess\u00e3o Publica da Academia Real das Sciencias [&hellip;]<\/p>","protected":false},"author":10,"featured_media":21182,"comment_status":"closed","ping_status":"closed","sticky":false,"template":"","format":"standard","meta":{"footnotes":""},"categories":[66],"tags":[],"class_list":["post-21181","post","type-post","status-publish","format-standard","has-post-thumbnail","hentry","category-noticias"],"_links":{"self":[{"href":"https:\/\/www.acad-ciencias.pt\/eng\/wp-json\/wp\/v2\/posts\/21181","targetHints":{"allow":["GET"]}}],"collection":[{"href":"https:\/\/www.acad-ciencias.pt\/eng\/wp-json\/wp\/v2\/posts"}],"about":[{"href":"https:\/\/www.acad-ciencias.pt\/eng\/wp-json\/wp\/v2\/types\/post"}],"author":[{"embeddable":true,"href":"https:\/\/www.acad-ciencias.pt\/eng\/wp-json\/wp\/v2\/users\/10"}],"replies":[{"embeddable":true,"href":"https:\/\/www.acad-ciencias.pt\/eng\/wp-json\/wp\/v2\/comments?post=21181"}],"version-history":[{"count":0,"href":"https:\/\/www.acad-ciencias.pt\/eng\/wp-json\/wp\/v2\/posts\/21181\/revisions"}],"wp:featuredmedia":[{"embeddable":true,"href":"https:\/\/www.acad-ciencias.pt\/eng\/wp-json\/wp\/v2\/media\/21182"}],"wp:attachment":[{"href":"https:\/\/www.acad-ciencias.pt\/eng\/wp-json\/wp\/v2\/media?parent=21181"}],"wp:term":[{"taxonomy":"category","embeddable":true,"href":"https:\/\/www.acad-ciencias.pt\/eng\/wp-json\/wp\/v2\/categories?post=21181"},{"taxonomy":"post_tag","embeddable":true,"href":"https:\/\/www.acad-ciencias.pt\/eng\/wp-json\/wp\/v2\/tags?post=21181"}],"curies":[{"name":"wp","href":"https:\/\/api.w.org\/{rel}","templated":true}]}}