{"id":22243,"date":"2025-02-04T11:36:24","date_gmt":"2025-02-04T11:36:24","guid":{"rendered":"https:\/\/www.acad-ciencias.pt\/?p=22243"},"modified":"2025-02-04T11:43:38","modified_gmt":"2025-02-04T11:43:38","slug":"8-a-edicao-dos-roteiros-do-conhecimento-passa-pela-academia-das-ciencias-de-lisboa","status":"publish","type":"post","link":"https:\/\/www.acad-ciencias.pt\/eng\/2025\/02\/04\/8-a-edicao-dos-roteiros-do-conhecimento-passa-pela-academia-das-ciencias-de-lisboa\/","title":{"rendered":"8.\u00aa edi\u00e7\u00e3o dos Roteiros do Conhecimento passa pela Academia das Ci\u00eancias de Lisboa"},"content":{"rendered":"<div data-elementor-type=\"wp-post\" data-elementor-id=\"22243\" class=\"elementor elementor-22243\">\n\t\t\t\t\t\t<section class=\"has_eae_slider elementor-section elementor-top-section elementor-element elementor-element-1adc5ba5 elementor-section-boxed elementor-section-height-default elementor-section-height-default\" data-eae-slider=\"96290\" data-id=\"1adc5ba5\" data-element_type=\"section\">\n\t\t\t\t\t\t<div class=\"elementor-container elementor-column-gap-default\">\n\t\t\t\t\t<div class=\"has_eae_slider aux-parallax-section elementor-column elementor-col-100 elementor-top-column elementor-element elementor-element-3b0bb5b4\" data-eae-slider=\"2001\" data-id=\"3b0bb5b4\" data-element_type=\"column\">\n\t\t\t<div class=\"elementor-widget-wrap elementor-element-populated\">\n\t\t\t\t\t\t<div class=\"elementor-element elementor-element-23582cfc elementor-widget elementor-widget-text-editor\" data-id=\"23582cfc\" data-element_type=\"widget\" data-widget_type=\"text-editor.default\">\n\t\t\t\t<div class=\"elementor-widget-container\">\n\t\t\t\t\t\t\t\t\t\n<p>A Academia das Ci\u00eancias de Lisboa, fundada a 24 de dezembro de 1779, uma das mais antigas institui\u00e7\u00f5es cient\u00edficas do pa\u00eds, convida o p\u00fablico a explorar os seus espa\u00e7os e a riqueza do seu patrim\u00f3nio. A visita, que decorrer\u00e1 no antigo Convento de Nossa Senhora de Jesus, permitir\u00e1 aos participantes conhecer de perto as valiosas cole\u00e7\u00f5es da Academia, que refletem um percurso hist\u00f3rico de quase 250 anos.<\/p>\n<p>As cole\u00e7\u00f5es, de car\u00e1cter hist\u00f3rico-cient\u00edfico, incluem rel\u00edquias conventuais, heran\u00e7as da fam\u00edlia real, doa\u00e7\u00f5es e legados de acad\u00e9micos, objetos provenientes de expedi\u00e7\u00f5es e campanhas arqueol\u00f3gicas, al\u00e9m de materiais e instrumentos pedag\u00f3gicos utilizados no ensino das ci\u00eancias experimentais. Estas pe\u00e7as constituem testemunhos \u00fanicos da evolu\u00e7\u00e3o da ci\u00eancia e da cultura em Portugal.<\/p>\n<p>The <a href=\"https:\/\/www.museus.ulisboa.pt\/node\/7383\" target=\"_blank\" rel=\"noopener\"><span style=\"color: #3366ff;\">Roteiros do Conhecimento<\/span><\/a>, organizado pelo <span style=\"color: #3366ff;\"><a style=\"color: #3366ff;\" href=\"https:\/\/www.museus.ulisboa.pt\/\" target=\"_blank\" rel=\"noopener\">Museu Nacional de Hist\u00f3ria Natural e da Ci\u00eancia<\/a><\/span>, ter\u00e1 lugar no dia 10 de fevereiro de 2025, das 10h30 \u00e0s 12h30, em Lisboa, na Academia das Ci\u00eancias. A visita, de participa\u00e7\u00e3o gratuita, ter\u00e1 uma lota\u00e7\u00e3o m\u00e1xima de 25 participantes, garantindo uma experi\u00eancia mais personalizada e segura. O ponto de encontro ser\u00e1 na Rua da Academia das Ci\u00eancias, n\u00ba 19 -1\u00ba, no c\u00f3digo postal 1249-122.<\/p>\n<p>Para participar, \u00e9 obrigat\u00f3ria uma <strong>inscri\u00e7\u00e3o pr\u00e9via<\/strong>, que pode ser feita atrav\u00e9s do email <strong>geral [at] museus.ulisboa.pt<\/strong>.<\/p>\n<p>N\u00e3o perca esta oportunidade para mergulhar na hist\u00f3ria da Academia das Ci\u00eancias de Lisboa e descobrir os segredos guardados ao longo de quase dois s\u00e9culos e meio de exist\u00eancia. Inscreva-se j\u00e1 e reserve o seu lugar!<\/p>\n\t\t\t\t\t\t\t\t<\/div>\n\t\t\t\t<\/div>\n\t\t\t\t\t<\/div>\n\t\t<\/div>\n\t\t\t\t\t<\/div>\n\t\t<\/section>\n\t\t\t\t<\/div>","protected":false},"excerpt":{"rendered":"<p>A Academia das Ci\u00eancias de Lisboa, fundada a 24 de dezembro de 1779, uma das mais antigas institui\u00e7\u00f5es cient\u00edficas do pa\u00eds, convida o p\u00fablico a explorar os seus espa\u00e7os e a riqueza do seu patrim\u00f3nio. A visita, que decorrer\u00e1 no antigo Convento de Nossa Senhora de Jesus, permitir\u00e1 aos participantes conhecer de perto as valiosas [&hellip;]<\/p>","protected":false},"author":10,"featured_media":22245,"comment_status":"closed","ping_status":"closed","sticky":false,"template":"","format":"standard","meta":{"footnotes":""},"categories":[66],"tags":[],"class_list":["post-22243","post","type-post","status-publish","format-standard","has-post-thumbnail","hentry","category-noticias"],"_links":{"self":[{"href":"https:\/\/www.acad-ciencias.pt\/eng\/wp-json\/wp\/v2\/posts\/22243","targetHints":{"allow":["GET"]}}],"collection":[{"href":"https:\/\/www.acad-ciencias.pt\/eng\/wp-json\/wp\/v2\/posts"}],"about":[{"href":"https:\/\/www.acad-ciencias.pt\/eng\/wp-json\/wp\/v2\/types\/post"}],"author":[{"embeddable":true,"href":"https:\/\/www.acad-ciencias.pt\/eng\/wp-json\/wp\/v2\/users\/10"}],"replies":[{"embeddable":true,"href":"https:\/\/www.acad-ciencias.pt\/eng\/wp-json\/wp\/v2\/comments?post=22243"}],"version-history":[{"count":4,"href":"https:\/\/www.acad-ciencias.pt\/eng\/wp-json\/wp\/v2\/posts\/22243\/revisions"}],"predecessor-version":[{"id":22256,"href":"https:\/\/www.acad-ciencias.pt\/eng\/wp-json\/wp\/v2\/posts\/22243\/revisions\/22256"}],"wp:featuredmedia":[{"embeddable":true,"href":"https:\/\/www.acad-ciencias.pt\/eng\/wp-json\/wp\/v2\/media\/22245"}],"wp:attachment":[{"href":"https:\/\/www.acad-ciencias.pt\/eng\/wp-json\/wp\/v2\/media?parent=22243"}],"wp:term":[{"taxonomy":"category","embeddable":true,"href":"https:\/\/www.acad-ciencias.pt\/eng\/wp-json\/wp\/v2\/categories?post=22243"},{"taxonomy":"post_tag","embeddable":true,"href":"https:\/\/www.acad-ciencias.pt\/eng\/wp-json\/wp\/v2\/tags?post=22243"}],"curies":[{"name":"wp","href":"https:\/\/api.w.org\/{rel}","templated":true}]}}