{"id":22777,"date":"2025-02-26T11:42:02","date_gmt":"2025-02-26T11:42:02","guid":{"rendered":"https:\/\/www.acad-ciencias.pt\/?p=22777"},"modified":"2025-02-26T11:42:32","modified_gmt":"2025-02-26T11:42:32","slug":"claude-allegre-1937-2025","status":"publish","type":"post","link":"https:\/\/www.acad-ciencias.pt\/eng\/2025\/02\/26\/claude-allegre-1937-2025\/","title":{"rendered":"Claude All\u00e8gre (1937-2025)"},"content":{"rendered":"<p>A Academia das Ci\u00eancias de Lisboa evoca a mem\u00f3ria de Claude All\u00e8gre, s\u00f3cio Correspondente da Classe de Ci\u00eancias desta institui\u00e7\u00e3o, ap\u00f3s o seu falecimento no passado dia 4 de janeiro de 2025. Investigador na \u00e1rea da Geoqu\u00edmica, foi membro da\u00a0<em>Acad\u00e9mie des Sciences\u00a0<\/em>e da\u00a0<em>National Academy of Sciences.<\/em>\u00a0All\u00e8gre assumiu fun\u00e7\u00f5es em organismos de coordena\u00e7\u00e3o de pol\u00edtica cient\u00edfica como o\u00a0<em>Centre National de la Recherche Scientifique\u00a0<\/em>(CNRS) e o Governo franc\u00eas como Ministro da Educa\u00e7\u00e3o, Investiga\u00e7\u00e3o e Tecnologia, tendo ficado ainda associado \u00e0 conce\u00e7\u00e3o do Processo de Bolonha.<\/p>","protected":false},"excerpt":{"rendered":"<p>A Academia das Ci\u00eancias de Lisboa evoca a mem\u00f3ria de Claude All\u00e8gre, s\u00f3cio Correspondente da Classe de Ci\u00eancias desta institui\u00e7\u00e3o, ap\u00f3s o seu falecimento no passado dia 4 de janeiro de 2025. Investigador na \u00e1rea da Geoqu\u00edmica, foi membro da\u00a0Acad\u00e9mie des Sciences\u00a0e da\u00a0National Academy of Sciences.\u00a0All\u00e8gre assumiu fun\u00e7\u00f5es em organismos de coordena\u00e7\u00e3o de pol\u00edtica cient\u00edfica [&hellip;]<\/p>","protected":false},"author":16,"featured_media":0,"comment_status":"closed","ping_status":"closed","sticky":false,"template":"","format":"standard","meta":{"footnotes":""},"categories":[66],"tags":[],"class_list":["post-22777","post","type-post","status-publish","format-standard","hentry","category-noticias"],"_links":{"self":[{"href":"https:\/\/www.acad-ciencias.pt\/eng\/wp-json\/wp\/v2\/posts\/22777","targetHints":{"allow":["GET"]}}],"collection":[{"href":"https:\/\/www.acad-ciencias.pt\/eng\/wp-json\/wp\/v2\/posts"}],"about":[{"href":"https:\/\/www.acad-ciencias.pt\/eng\/wp-json\/wp\/v2\/types\/post"}],"author":[{"embeddable":true,"href":"https:\/\/www.acad-ciencias.pt\/eng\/wp-json\/wp\/v2\/users\/16"}],"replies":[{"embeddable":true,"href":"https:\/\/www.acad-ciencias.pt\/eng\/wp-json\/wp\/v2\/comments?post=22777"}],"version-history":[{"count":1,"href":"https:\/\/www.acad-ciencias.pt\/eng\/wp-json\/wp\/v2\/posts\/22777\/revisions"}],"predecessor-version":[{"id":22778,"href":"https:\/\/www.acad-ciencias.pt\/eng\/wp-json\/wp\/v2\/posts\/22777\/revisions\/22778"}],"wp:attachment":[{"href":"https:\/\/www.acad-ciencias.pt\/eng\/wp-json\/wp\/v2\/media?parent=22777"}],"wp:term":[{"taxonomy":"category","embeddable":true,"href":"https:\/\/www.acad-ciencias.pt\/eng\/wp-json\/wp\/v2\/categories?post=22777"},{"taxonomy":"post_tag","embeddable":true,"href":"https:\/\/www.acad-ciencias.pt\/eng\/wp-json\/wp\/v2\/tags?post=22777"}],"curies":[{"name":"wp","href":"https:\/\/api.w.org\/{rel}","templated":true}]}}