{"id":24689,"date":"2025-06-23T17:39:33","date_gmt":"2025-06-23T16:39:33","guid":{"rendered":"https:\/\/www.acad-ciencias.pt\/?p=24689"},"modified":"2025-06-23T17:40:28","modified_gmt":"2025-06-23T16:40:28","slug":"academia-das-ciencias-de-lisboa-assina-protocolo-de-colaboracao-com-o-centro-internacional-de-matematica","status":"publish","type":"post","link":"https:\/\/www.acad-ciencias.pt\/eng\/2025\/06\/23\/academia-das-ciencias-de-lisboa-assina-protocolo-de-colaboracao-com-o-centro-internacional-de-matematica\/","title":{"rendered":"Academia das Ci\u00eancias de Lisboa assina protocolo de colabora\u00e7\u00e3o com o\u00a0Centro Internacional de Matem\u00e1tica"},"content":{"rendered":"<p>A Academia das Ci\u00eancias de Lisboa (ACL), representada pelo seu Presidente, Jos\u00e9 Francisco Rodrigues, e o Centro Internacional de Matem\u00e1tica (CIM), representado pelo Presidente da Dire\u00e7\u00e3o, Jorge Milhazes de Freitas, assinaram, no dia 5 de junho de 2025, um protocolo por via do qual as duas organiza\u00e7\u00f5es se comprometem em\u00a0colaborar no desenvolvimento de iniciativas relevantes para o desenvolvimento e a valoriza\u00e7\u00e3o das Ci\u00eancias Matem\u00e1ticas e, em particular, colaborar na promo\u00e7\u00e3o e na divulga\u00e7\u00e3o de atividades interdisciplinares. O <a href=\"https:\/\/www.cim.pt\/\" data-type=\"link\" data-id=\"https:\/\/www.cim.pt\/\">CIM<\/a>\u00a0\u00e9 um cons\u00f3rcio dos centros de investiga\u00e7\u00e3o em Matem\u00e1tica das universidades portuguesas com as sociedades cient\u00edficas da \u00e1rea, ativo desde 1996 com sede em Coimbra, e membro do ERCOM (<em>European Research Centers on Mathematics<\/em>).<\/p>\n\n\n\n<p><br>A assinatura teve lugar na Sala do Fundo Antigo da Universidade do Porto, na sequ\u00eancia da Sess\u00e3o conjunta das duas Classes que a Academia realizou no norte do pa\u00eds. Uma primeira iniciativa ao abrigo deste Protocolo ter\u00e1 lugar no Sal\u00e3o Nobre da Academia das Ci\u00eancias de Lisboa e ser\u00e1 constitu\u00edda\u00a0pela\u00a0<em><a href=\"https:\/\/www.cim.pt\/agenda\/event\/268\" data-type=\"link\" data-id=\"https:\/\/www.cim.pt\/agenda\/event\/268\">Pedro Nunes Lecture 2025<\/a>,\u00a0<\/em>pelo matem\u00e1tico franc\u00eas Hugo Duminil-Copin, professor do\u00a0<em>Institut\u00a0des Hautes \u00c9tudes Scientifiques<\/em>\u00a0e\u00a0premiado em 2022 com a Medalha Fields pelas suas contribui\u00e7\u00f5es em Teoria das Probabilidades e F\u00edsica Estat\u00edstica. As\u00a0<em>Pedro Nunes Lectures\u00a0<\/em>constituem um ciclo de confer\u00eancias anuais por matem\u00e1ticas distintos, iniciado em 2009 pelo CIM, com o apoio da Funda\u00e7\u00e3o Calouste Gulbenkian, em colabora\u00e7\u00e3o com Sociedade Portuguesa de Matem\u00e1tica.<\/p>","protected":false},"excerpt":{"rendered":"<p>A Academia das Ci\u00eancias de Lisboa (ACL), representada pelo seu Presidente, Jos\u00e9 Francisco Rodrigues, e o Centro Internacional de Matem\u00e1tica (CIM), representado pelo Presidente da Dire\u00e7\u00e3o, Jorge Milhazes de Freitas, assinaram, no dia 5 de junho de 2025, um protocolo por via do qual as duas organiza\u00e7\u00f5es se comprometem em\u00a0colaborar no desenvolvimento de iniciativas relevantes [&hellip;]<\/p>","protected":false},"author":18,"featured_media":24690,"comment_status":"closed","ping_status":"closed","sticky":false,"template":"","format":"standard","meta":{"footnotes":""},"categories":[66],"tags":[],"class_list":["post-24689","post","type-post","status-publish","format-standard","has-post-thumbnail","hentry","category-noticias"],"_links":{"self":[{"href":"https:\/\/www.acad-ciencias.pt\/eng\/wp-json\/wp\/v2\/posts\/24689","targetHints":{"allow":["GET"]}}],"collection":[{"href":"https:\/\/www.acad-ciencias.pt\/eng\/wp-json\/wp\/v2\/posts"}],"about":[{"href":"https:\/\/www.acad-ciencias.pt\/eng\/wp-json\/wp\/v2\/types\/post"}],"author":[{"embeddable":true,"href":"https:\/\/www.acad-ciencias.pt\/eng\/wp-json\/wp\/v2\/users\/18"}],"replies":[{"embeddable":true,"href":"https:\/\/www.acad-ciencias.pt\/eng\/wp-json\/wp\/v2\/comments?post=24689"}],"version-history":[{"count":1,"href":"https:\/\/www.acad-ciencias.pt\/eng\/wp-json\/wp\/v2\/posts\/24689\/revisions"}],"predecessor-version":[{"id":24691,"href":"https:\/\/www.acad-ciencias.pt\/eng\/wp-json\/wp\/v2\/posts\/24689\/revisions\/24691"}],"wp:featuredmedia":[{"embeddable":true,"href":"https:\/\/www.acad-ciencias.pt\/eng\/wp-json\/wp\/v2\/media\/24690"}],"wp:attachment":[{"href":"https:\/\/www.acad-ciencias.pt\/eng\/wp-json\/wp\/v2\/media?parent=24689"}],"wp:term":[{"taxonomy":"category","embeddable":true,"href":"https:\/\/www.acad-ciencias.pt\/eng\/wp-json\/wp\/v2\/categories?post=24689"},{"taxonomy":"post_tag","embeddable":true,"href":"https:\/\/www.acad-ciencias.pt\/eng\/wp-json\/wp\/v2\/tags?post=24689"}],"curies":[{"name":"wp","href":"https:\/\/api.w.org\/{rel}","templated":true}]}}