{"id":6596,"date":"2021-12-23T17:00:27","date_gmt":"2021-12-23T16:00:27","guid":{"rendered":"https:\/\/www.academiabeta.galeria-arf-acad-ciencias.pt\/?p=6596"},"modified":"2022-11-28T12:03:59","modified_gmt":"2022-11-28T11:03:59","slug":"cargos-academicos-para-o-trienio-2022-2024","status":"publish","type":"post","link":"https:\/\/www.acad-ciencias.pt\/eng\/2021\/12\/23\/cargos-academicos-para-o-trienio-2022-2024\/","title":{"rendered":"Cargos acad\u00e9micos para o tri\u00e9nio 2022-2024"},"content":{"rendered":"<p>Os membros da Academia das Ci\u00eancias de Lisboa elegeram como <strong>Presidente da Academia das Ci\u00eancias de Lisboa (e Presidente da Classe de Letras) Jos\u00e9 Lu\u00eds Cardoso<\/strong> e como <strong>Vice-Presidente (e Presidente da Classe de Ci\u00eancias) Carlos Salema<\/strong> para o tri\u00e9nio 2022-2024. <\/p>\n\n\n\n<p><strong>Jos\u00e9 Lu\u00eds Cardoso<\/strong>&nbsp;ingressou na Academia das Ci\u00eancias de Lisboa como s\u00f3cio correspondente em 1995, sendo eleito como s\u00f3cio efetivo em 2004. \u00c9 investigador coordenador do Instituto de Ci\u00eancias Sociais da Universidade de Lisboa desde abril de 2008, tendo exercido os cargos de Subdiretor (2010-2014) e de Diretor (2014-2018) desta institui\u00e7\u00e3o. At\u00e9 mar\u00e7o de 2008 foi professor catedr\u00e1tico no Instituto Superior de Economia e Gest\u00e3o da Universidade de Lisboa, onde exerceu os cargos de Presidente do Departamento de Economia e de Presidente do Conselho Cient\u00edfico. \u00c9 autor de v\u00e1rios livros e artigos sobre hist\u00f3ria das ideias econ\u00f3micas, com especial incid\u00eancia no estudo do caso portugu\u00eas em perspetiva comparada. Entre os livros que publicou, destaquem-se os estudos sobre as contribui\u00e7\u00f5es de natureza econ\u00f3mica da Academia das Ci\u00eancias de Lisboa na fase inicial da sua hist\u00f3ria. Em 1987 organizou a edi\u00e7\u00e3o das&nbsp;<em>Mem\u00f3rias Econ\u00f3micas In\u00e9ditas (1780-1808)<\/em>&nbsp;e em 1990 preparou uma nova edi\u00e7\u00e3o dos 5 volumes das<em>&nbsp;Mem\u00f3rias Econ\u00f3micas da Academia Real das Ci\u00eancias de Lisboa, para o Adiantamento da Agricultura, das Artes, e da Ind\u00fastria em Portugal, e suas Conquistas (1789-1815)<\/em>. Nos \u00faltimos anos tem dedicado especial aten\u00e7\u00e3o \u00e0 hist\u00f3ria da revolu\u00e7\u00e3o liberal de 1820.<\/p>\n\n\n\n<p>Reunidos em plen\u00e1rio no passado dia 16 de dezembro, os membros efetivos da ACL elegeram ainda Manuel Porto como Secret\u00e1rio-geral, Jos\u00e9 Francisco Rodrigues como Vice-Secret\u00e1rio-geral e Jorge Braga de Macedo como Tesoureiro.&nbsp;Para al\u00e9m dos cargos que integram o Conselho Administrativo e as vice\u2011presid\u00eancias de cada Classe, foi eleito um novo Inspector da Biblioteca, Henrique Leit\u00e3o, e Maria Salom\u00e9 Pais \u00e9 a nova Presidente do Instituto de Altos Estudos. Telmo Verdelho foi reeleito Presidente do Instituto de Lexicologia e Lexicografia da L\u00edngua Portuguesa e Miguel Telles Antunes mant\u00e9m-se como Diretor do Museu Maynense.&nbsp;<\/p>","protected":false},"excerpt":{"rendered":"<p>Os membros da Academia das Ci\u00eancias de Lisboa elegeram como Presidente da Academia das Ci\u00eancias de Lisboa (e Presidente da Classe de Letras) Jos\u00e9 Lu\u00eds Cardoso e como Vice-Presidente (e Presidente da Classe de Ci\u00eancias) Carlos Salema para o tri\u00e9nio 2022-2024. Jos\u00e9 Lu\u00eds Cardoso&nbsp;ingressou na Academia das Ci\u00eancias de Lisboa como s\u00f3cio correspondente em 1995, [&hellip;]<\/p>","protected":false},"author":2,"featured_media":5975,"comment_status":"closed","ping_status":"closed","sticky":false,"template":"","format":"standard","meta":{"footnotes":""},"categories":[66,1],"tags":[50,52],"class_list":["post-6596","post","type-post","status-publish","format-standard","has-post-thumbnail","hentry","category-noticias","category-outros-eventos","tag-academicos","tag-presidencia-acl"],"_links":{"self":[{"href":"https:\/\/www.acad-ciencias.pt\/eng\/wp-json\/wp\/v2\/posts\/6596","targetHints":{"allow":["GET"]}}],"collection":[{"href":"https:\/\/www.acad-ciencias.pt\/eng\/wp-json\/wp\/v2\/posts"}],"about":[{"href":"https:\/\/www.acad-ciencias.pt\/eng\/wp-json\/wp\/v2\/types\/post"}],"author":[{"embeddable":true,"href":"https:\/\/www.acad-ciencias.pt\/eng\/wp-json\/wp\/v2\/users\/2"}],"replies":[{"embeddable":true,"href":"https:\/\/www.acad-ciencias.pt\/eng\/wp-json\/wp\/v2\/comments?post=6596"}],"version-history":[{"count":0,"href":"https:\/\/www.acad-ciencias.pt\/eng\/wp-json\/wp\/v2\/posts\/6596\/revisions"}],"wp:featuredmedia":[{"embeddable":true,"href":"https:\/\/www.acad-ciencias.pt\/eng\/wp-json\/wp\/v2\/media\/5975"}],"wp:attachment":[{"href":"https:\/\/www.acad-ciencias.pt\/eng\/wp-json\/wp\/v2\/media?parent=6596"}],"wp:term":[{"taxonomy":"category","embeddable":true,"href":"https:\/\/www.acad-ciencias.pt\/eng\/wp-json\/wp\/v2\/categories?post=6596"},{"taxonomy":"post_tag","embeddable":true,"href":"https:\/\/www.acad-ciencias.pt\/eng\/wp-json\/wp\/v2\/tags?post=6596"}],"curies":[{"name":"wp","href":"https:\/\/api.w.org\/{rel}","templated":true}]}}